{"id":2370,"date":"2024-03-01T17:35:24","date_gmt":"2024-03-01T17:35:24","guid":{"rendered":"https:\/\/www.eplaneth2020.eu\/?p=2370"},"modified":"2024-03-04T16:50:53","modified_gmt":"2024-03-04T16:50:53","slug":"webinar-on-industrial-energy-communities-catalan","status":"publish","type":"post","link":"https:\/\/www.eplaneth2020.eu\/ca\/webinar-on-industrial-energy-communities-catalan\/","title":{"rendered":"Webinar on Industrial Energy Communities"},"content":{"rendered":"<p>Last Tuesday 27th February, we held a webinar on Energy Communities in Industrial Zones. The event was primarily focused to Catalan entities willing to understand which is the potential of energy communities in Industrial Zones. The webinar included expert insights from real experiences in the territory including different types of energy generation systems, and provided with a very interesting debate around the main barriers to the deployment of industrial energy communities and how can we overcome them. This event was hold in Catalan.<\/p>\n<p>We were more than 200 participants, 150 of them simultaneously. Many thanks to all of you, and in particular to the speakers and the moderator of the event.<\/p>\n<p>You can download the presentation of the different speakers through these direct links:<\/p>\n<ul>\n<li><a href=\"https:\/\/www.eplaneth2020.eu\/wp-content\/uploads\/2024\/02\/ePLANET-Webinar-0.-Presentacio-ePLANET.pdf\" target=\"_blank\" rel=\"noopener\">Olga Barrachina \u2013 Presentaci\u00f3 del projecte.<\/a><\/li>\n<li><a href=\"https:\/\/www.eplaneth2020.eu\/wp-content\/uploads\/2024\/02\/ePLANET-Webinar-1.-Comunitats-energetiques-en-poligons-industrials.pdf\" target=\"_blank\" rel=\"noopener\">Jaume Castell\u00e0 \u2013 Comunitats energ\u00e8tiques en pol\u00edgons industrials.<\/a><\/li>\n<li><a href=\"https:\/\/www.eplaneth2020.eu\/wp-content\/uploads\/2024\/02\/ePLANET-Webinar-2.-Xarxes-de-calor-i-fred-en-poligons-industrials.pdf\" target=\"_blank\" rel=\"noopener\">Alex Ivancic \u2013 Xarxes de calor i fred en pol\u00edgons industrials.<\/a><\/li>\n<li><a href=\"https:\/\/www.eplaneth2020.eu\/wp-content\/uploads\/2024\/02\/ePLANET-Webinar-3.-Potencial-fotovoltaica-en-PAEs-Bages.pdf\" target=\"_blank\" rel=\"noopener\">Josep Rosell \u2013 Capacitat fotovoltaica dels pol\u00edgons industrials del Bages.<\/a><\/li>\n<li><a href=\"https:\/\/www.eplaneth2020.eu\/wp-content\/uploads\/2024\/02\/ePLANET-Webinar-4.-Digitalitzacio-de-la-promocio-disseny-i-gestio-de-ComEnInd.pdf\" target=\"_blank\" rel=\"noopener\">Sergi P\u00e9rez \u2013 digitalitzaci\u00f3 de la promoci\u00f3, disseny i gesti\u00f3 de comunitats energ\u00e8tiques.<\/a><\/li>\n<li>Marcela V\u00e9liz &#8211; comunitat energ\u00e8tica al pol\u00edgon industrial de Rosanes.<\/li>\n<li><a href=\"https:\/\/www.eplaneth2020.eu\/wp-content\/uploads\/2024\/02\/ePLANET-Webinar-6.-Models-de-negoci-bio-circulars-en-Comunitats-Energetiques.pdf\" target=\"_blank\" rel=\"noopener\">Sami Rtimi Sboui \u2013 Models de negoci bio-circular en comunitats energ\u00e8tiques.<\/a><\/li>\n<li><a href=\"https:\/\/www.eplaneth2020.eu\/wp-content\/uploads\/2024\/03\/ePLANET-Webinar-7.-Empreses-del-PAES-claus-per-la-transformacio-i-el-futur-economic-del-territori-i-la-transicio-energetica-2.pdf\" target=\"_blank\" rel=\"noopener\">Montserrat Ambr\u00f3s \u2013 Claus per a la transformaci\u00f3 i el futur econ\u00f2mic del territori i la transici\u00f3 energ\u00e8tica.<\/a><\/li>\n<\/ul>\n<p>Furthermore, the webinar is available from the <a href=\"https:\/\/www.eplaneth2020.eu\/resources\/\" target=\"_blank\" rel=\"noopener\">resources section of the website<\/a> as well as through the <a href=\"https:\/\/www.youtube.com\/@eplanetproject173\" target=\"_blank\" rel=\"noopener\">ePLANET Youtube channel<\/a>. We also encourage you to subscribe to this channel where the different public webinars and workshops will be available during next weeks.<\/p>\n<p>Finally, we kindly ask you to follow our <a href=\"https:\/\/www.linkedin.com\/company\/76535361\" target=\"_blank\" rel=\"noopener\">ePLANET LinkedIn page<\/a>, where we regularly publish news regarding upcoming activities from the project other similar initiatives. You can also subscribe to our <a href=\"http:\/\/eepurl.com\/hTJvn5\" target=\"_blank\" rel=\"noopener\">newsletter<\/a>, to get updated of past events and developed tools.<\/p>\n<p><img loading=\"lazy\" decoding=\"async\" class=\"aligncenter size-large wp-image-2374\" src=\"https:\/\/www.eplaneth2020.eu\/wp-content\/uploads\/2024\/02\/ePLANET-webinar-240227_01-1024x600.png\" alt=\"\" width=\"1024\" height=\"600\" srcset=\"https:\/\/www.eplaneth2020.eu\/wp-content\/uploads\/2024\/02\/ePLANET-webinar-240227_01-980x575.png 980w, https:\/\/www.eplaneth2020.eu\/wp-content\/uploads\/2024\/02\/ePLANET-webinar-240227_01-480x281.png 480w\" sizes=\"(min-width: 0px) and (max-width: 480px) 480px, (min-width: 481px) and (max-width: 980px) 980px, (min-width: 981px) 1024px, 100vw\" \/><\/p>\n","protected":false},"excerpt":{"rendered":"<p>Here you will find the presentation and resources from this successful webinar (in Catalan).<\/p>\n","protected":false},"author":2,"featured_media":2359,"comment_status":"closed","ping_status":"closed","sticky":false,"template":"","format":"standard","meta":{"_acf_changed":false,"_et_pb_use_builder":"","_et_pb_old_content":"","_et_gb_content_width":"","footnotes":""},"categories":[3],"tags":[],"class_list":["post-2370","post","type-post","status-publish","format-standard","has-post-thumbnail","hentry","category-news"],"acf":[],"yoast_head":"<!-- This site is optimized with the Yoast SEO plugin v27.3 - https:\/\/yoast.com\/product\/yoast-seo-wordpress\/ -->\n<title>Webinar on Industrial Energy Communities - eplanet h2020<\/title>\n<meta name=\"robots\" content=\"index, follow, max-snippet:-1, max-image-preview:large, max-video-preview:-1\" \/>\n<link rel=\"canonical\" href=\"https:\/\/www.eplaneth2020.eu\/webinar-on-industrial-energy-communities-catalan\/\" \/>\n<meta property=\"og:locale\" content=\"ca_ES\" \/>\n<meta property=\"og:type\" content=\"article\" \/>\n<meta property=\"og:title\" content=\"Webinar on Industrial Energy Communities - eplanet h2020\" \/>\n<meta property=\"og:description\" content=\"Here you will find the presentation and resources from this successful webinar (in Catalan).\" \/>\n<meta property=\"og:url\" content=\"https:\/\/www.eplaneth2020.eu\/webinar-on-industrial-energy-communities-catalan\/\" \/>\n<meta property=\"og:site_name\" content=\"eplanet h2020\" \/>\n<meta property=\"article:published_time\" content=\"2024-03-01T17:35:24+00:00\" \/>\n<meta property=\"article:modified_time\" content=\"2024-03-04T16:50:53+00:00\" \/>\n<meta property=\"og:image\" content=\"https:\/\/www.eplaneth2020.eu\/wp-content\/uploads\/2024\/02\/ePLANET-webinar-240227-Banner.png\" \/>\n\t<meta property=\"og:image:width\" content=\"2324\" \/>\n\t<meta property=\"og:image:height\" content=\"1185\" \/>\n\t<meta property=\"og:image:type\" content=\"image\/png\" \/>\n<meta name=\"author\" content=\"Segis Verdaguer\" \/>\n<meta name=\"twitter:card\" content=\"summary_large_image\" \/>\n<meta name=\"twitter:label1\" content=\"Escrit per\" \/>\n\t<meta name=\"twitter:data1\" content=\"Segis Verdaguer\" \/>\n\t<meta name=\"twitter:label2\" content=\"Temps estimat de lectura\" \/>\n\t<meta name=\"twitter:data2\" content=\"1 minut\" \/>\n<script type=\"application\/ld+json\" class=\"yoast-schema-graph\">{\"@context\":\"https:\\\/\\\/schema.org\",\"@graph\":[{\"@type\":\"Article\",\"@id\":\"https:\\\/\\\/www.eplaneth2020.eu\\\/webinar-on-industrial-energy-communities-catalan\\\/#article\",\"isPartOf\":{\"@id\":\"https:\\\/\\\/www.eplaneth2020.eu\\\/webinar-on-industrial-energy-communities-catalan\\\/\"},\"author\":{\"name\":\"Segis Verdaguer\",\"@id\":\"https:\\\/\\\/www.eplaneth2020.eu\\\/#\\\/schema\\\/person\\\/8711c87acabe0260c777ccf3e17836ca\"},\"headline\":\"Webinar on Industrial Energy Communities\",\"datePublished\":\"2024-03-01T17:35:24+00:00\",\"dateModified\":\"2024-03-04T16:50:53+00:00\",\"mainEntityOfPage\":{\"@id\":\"https:\\\/\\\/www.eplaneth2020.eu\\\/webinar-on-industrial-energy-communities-catalan\\\/\"},\"wordCount\":303,\"publisher\":{\"@id\":\"https:\\\/\\\/www.eplaneth2020.eu\\\/#organization\"},\"image\":{\"@id\":\"https:\\\/\\\/www.eplaneth2020.eu\\\/webinar-on-industrial-energy-communities-catalan\\\/#primaryimage\"},\"thumbnailUrl\":\"https:\\\/\\\/www.eplaneth2020.eu\\\/wp-content\\\/uploads\\\/2024\\\/02\\\/ePLANET-webinar-240227-Banner.png\",\"articleSection\":[\"News\"],\"inLanguage\":\"ca\"},{\"@type\":\"WebPage\",\"@id\":\"https:\\\/\\\/www.eplaneth2020.eu\\\/webinar-on-industrial-energy-communities-catalan\\\/\",\"url\":\"https:\\\/\\\/www.eplaneth2020.eu\\\/webinar-on-industrial-energy-communities-catalan\\\/\",\"name\":\"Webinar on Industrial Energy Communities - eplanet h2020\",\"isPartOf\":{\"@id\":\"https:\\\/\\\/www.eplaneth2020.eu\\\/#website\"},\"primaryImageOfPage\":{\"@id\":\"https:\\\/\\\/www.eplaneth2020.eu\\\/webinar-on-industrial-energy-communities-catalan\\\/#primaryimage\"},\"image\":{\"@id\":\"https:\\\/\\\/www.eplaneth2020.eu\\\/webinar-on-industrial-energy-communities-catalan\\\/#primaryimage\"},\"thumbnailUrl\":\"https:\\\/\\\/www.eplaneth2020.eu\\\/wp-content\\\/uploads\\\/2024\\\/02\\\/ePLANET-webinar-240227-Banner.png\",\"datePublished\":\"2024-03-01T17:35:24+00:00\",\"dateModified\":\"2024-03-04T16:50:53+00:00\",\"breadcrumb\":{\"@id\":\"https:\\\/\\\/www.eplaneth2020.eu\\\/webinar-on-industrial-energy-communities-catalan\\\/#breadcrumb\"},\"inLanguage\":\"ca\",\"potentialAction\":[{\"@type\":\"ReadAction\",\"target\":[\"https:\\\/\\\/www.eplaneth2020.eu\\\/webinar-on-industrial-energy-communities-catalan\\\/\"]}]},{\"@type\":\"ImageObject\",\"inLanguage\":\"ca\",\"@id\":\"https:\\\/\\\/www.eplaneth2020.eu\\\/webinar-on-industrial-energy-communities-catalan\\\/#primaryimage\",\"url\":\"https:\\\/\\\/www.eplaneth2020.eu\\\/wp-content\\\/uploads\\\/2024\\\/02\\\/ePLANET-webinar-240227-Banner.png\",\"contentUrl\":\"https:\\\/\\\/www.eplaneth2020.eu\\\/wp-content\\\/uploads\\\/2024\\\/02\\\/ePLANET-webinar-240227-Banner.png\",\"width\":2324,\"height\":1185},{\"@type\":\"BreadcrumbList\",\"@id\":\"https:\\\/\\\/www.eplaneth2020.eu\\\/webinar-on-industrial-energy-communities-catalan\\\/#breadcrumb\",\"itemListElement\":[{\"@type\":\"ListItem\",\"position\":1,\"name\":\"Home\",\"item\":\"https:\\\/\\\/www.eplaneth2020.eu\\\/ca\\\/\"},{\"@type\":\"ListItem\",\"position\":2,\"name\":\"Webinar on Industrial Energy Communities\"}]},{\"@type\":\"WebSite\",\"@id\":\"https:\\\/\\\/www.eplaneth2020.eu\\\/#website\",\"url\":\"https:\\\/\\\/www.eplaneth2020.eu\\\/\",\"name\":\"eplanet h2020\",\"description\":\"eplanet project facilitating the adoption of coordinated energy transition actions by the European public sector\",\"publisher\":{\"@id\":\"https:\\\/\\\/www.eplaneth2020.eu\\\/#organization\"},\"potentialAction\":[{\"@type\":\"SearchAction\",\"target\":{\"@type\":\"EntryPoint\",\"urlTemplate\":\"https:\\\/\\\/www.eplaneth2020.eu\\\/?s={search_term_string}\"},\"query-input\":{\"@type\":\"PropertyValueSpecification\",\"valueRequired\":true,\"valueName\":\"search_term_string\"}}],\"inLanguage\":\"ca\"},{\"@type\":\"Organization\",\"@id\":\"https:\\\/\\\/www.eplaneth2020.eu\\\/#organization\",\"name\":\"eplanet h2020\",\"url\":\"https:\\\/\\\/www.eplaneth2020.eu\\\/\",\"logo\":{\"@type\":\"ImageObject\",\"inLanguage\":\"ca\",\"@id\":\"https:\\\/\\\/www.eplaneth2020.eu\\\/#\\\/schema\\\/logo\\\/image\\\/\",\"url\":\"https:\\\/\\\/www.eplaneth2020.eu\\\/wp-content\\\/uploads\\\/2021\\\/12\\\/eplanet.png\",\"contentUrl\":\"https:\\\/\\\/www.eplaneth2020.eu\\\/wp-content\\\/uploads\\\/2021\\\/12\\\/eplanet.png\",\"width\":362,\"height\":159,\"caption\":\"eplanet h2020\"},\"image\":{\"@id\":\"https:\\\/\\\/www.eplaneth2020.eu\\\/#\\\/schema\\\/logo\\\/image\\\/\"}},{\"@type\":\"Person\",\"@id\":\"https:\\\/\\\/www.eplaneth2020.eu\\\/#\\\/schema\\\/person\\\/8711c87acabe0260c777ccf3e17836ca\",\"name\":\"Segis Verdaguer\",\"image\":{\"@type\":\"ImageObject\",\"inLanguage\":\"ca\",\"@id\":\"https:\\\/\\\/secure.gravatar.com\\\/avatar\\\/e7c128c8f44573727eb259a90f0cd19c41c2901e3ce77199f61d637ff0ebdb5d?s=96&d=mm&r=g\",\"url\":\"https:\\\/\\\/secure.gravatar.com\\\/avatar\\\/e7c128c8f44573727eb259a90f0cd19c41c2901e3ce77199f61d637ff0ebdb5d?s=96&d=mm&r=g\",\"contentUrl\":\"https:\\\/\\\/secure.gravatar.com\\\/avatar\\\/e7c128c8f44573727eb259a90f0cd19c41c2901e3ce77199f61d637ff0ebdb5d?s=96&d=mm&r=g\",\"caption\":\"Segis Verdaguer\"},\"sameAs\":[\"https:\\\/\\\/lima.cat\"],\"url\":\"https:\\\/\\\/www.eplaneth2020.eu\\\/ca\\\/author\\\/segis\\\/\"}]}<\/script>\n<!-- \/ Yoast SEO plugin. -->","yoast_head_json":{"title":"Webinar on Industrial Energy Communities - eplanet h2020","robots":{"index":"index","follow":"follow","max-snippet":"max-snippet:-1","max-image-preview":"max-image-preview:large","max-video-preview":"max-video-preview:-1"},"canonical":"https:\/\/www.eplaneth2020.eu\/webinar-on-industrial-energy-communities-catalan\/","og_locale":"ca_ES","og_type":"article","og_title":"Webinar on Industrial Energy Communities - eplanet h2020","og_description":"Here you will find the presentation and resources from this successful webinar (in Catalan).","og_url":"https:\/\/www.eplaneth2020.eu\/webinar-on-industrial-energy-communities-catalan\/","og_site_name":"eplanet h2020","article_published_time":"2024-03-01T17:35:24+00:00","article_modified_time":"2024-03-04T16:50:53+00:00","og_image":[{"width":2324,"height":1185,"url":"https:\/\/www.eplaneth2020.eu\/wp-content\/uploads\/2024\/02\/ePLANET-webinar-240227-Banner.png","type":"image\/png"}],"author":"Segis Verdaguer","twitter_card":"summary_large_image","twitter_misc":{"Escrit per":"Segis Verdaguer","Temps estimat de lectura":"1 minut"},"schema":{"@context":"https:\/\/schema.org","@graph":[{"@type":"Article","@id":"https:\/\/www.eplaneth2020.eu\/webinar-on-industrial-energy-communities-catalan\/#article","isPartOf":{"@id":"https:\/\/www.eplaneth2020.eu\/webinar-on-industrial-energy-communities-catalan\/"},"author":{"name":"Segis Verdaguer","@id":"https:\/\/www.eplaneth2020.eu\/#\/schema\/person\/8711c87acabe0260c777ccf3e17836ca"},"headline":"Webinar on Industrial Energy Communities","datePublished":"2024-03-01T17:35:24+00:00","dateModified":"2024-03-04T16:50:53+00:00","mainEntityOfPage":{"@id":"https:\/\/www.eplaneth2020.eu\/webinar-on-industrial-energy-communities-catalan\/"},"wordCount":303,"publisher":{"@id":"https:\/\/www.eplaneth2020.eu\/#organization"},"image":{"@id":"https:\/\/www.eplaneth2020.eu\/webinar-on-industrial-energy-communities-catalan\/#primaryimage"},"thumbnailUrl":"https:\/\/www.eplaneth2020.eu\/wp-content\/uploads\/2024\/02\/ePLANET-webinar-240227-Banner.png","articleSection":["News"],"inLanguage":"ca"},{"@type":"WebPage","@id":"https:\/\/www.eplaneth2020.eu\/webinar-on-industrial-energy-communities-catalan\/","url":"https:\/\/www.eplaneth2020.eu\/webinar-on-industrial-energy-communities-catalan\/","name":"Webinar on Industrial Energy Communities - eplanet h2020","isPartOf":{"@id":"https:\/\/www.eplaneth2020.eu\/#website"},"primaryImageOfPage":{"@id":"https:\/\/www.eplaneth2020.eu\/webinar-on-industrial-energy-communities-catalan\/#primaryimage"},"image":{"@id":"https:\/\/www.eplaneth2020.eu\/webinar-on-industrial-energy-communities-catalan\/#primaryimage"},"thumbnailUrl":"https:\/\/www.eplaneth2020.eu\/wp-content\/uploads\/2024\/02\/ePLANET-webinar-240227-Banner.png","datePublished":"2024-03-01T17:35:24+00:00","dateModified":"2024-03-04T16:50:53+00:00","breadcrumb":{"@id":"https:\/\/www.eplaneth2020.eu\/webinar-on-industrial-energy-communities-catalan\/#breadcrumb"},"inLanguage":"ca","potentialAction":[{"@type":"ReadAction","target":["https:\/\/www.eplaneth2020.eu\/webinar-on-industrial-energy-communities-catalan\/"]}]},{"@type":"ImageObject","inLanguage":"ca","@id":"https:\/\/www.eplaneth2020.eu\/webinar-on-industrial-energy-communities-catalan\/#primaryimage","url":"https:\/\/www.eplaneth2020.eu\/wp-content\/uploads\/2024\/02\/ePLANET-webinar-240227-Banner.png","contentUrl":"https:\/\/www.eplaneth2020.eu\/wp-content\/uploads\/2024\/02\/ePLANET-webinar-240227-Banner.png","width":2324,"height":1185},{"@type":"BreadcrumbList","@id":"https:\/\/www.eplaneth2020.eu\/webinar-on-industrial-energy-communities-catalan\/#breadcrumb","itemListElement":[{"@type":"ListItem","position":1,"name":"Home","item":"https:\/\/www.eplaneth2020.eu\/ca\/"},{"@type":"ListItem","position":2,"name":"Webinar on Industrial Energy Communities"}]},{"@type":"WebSite","@id":"https:\/\/www.eplaneth2020.eu\/#website","url":"https:\/\/www.eplaneth2020.eu\/","name":"eplanet h2020","description":"eplanet project facilitating the adoption of coordinated energy transition actions by the European public sector","publisher":{"@id":"https:\/\/www.eplaneth2020.eu\/#organization"},"potentialAction":[{"@type":"SearchAction","target":{"@type":"EntryPoint","urlTemplate":"https:\/\/www.eplaneth2020.eu\/?s={search_term_string}"},"query-input":{"@type":"PropertyValueSpecification","valueRequired":true,"valueName":"search_term_string"}}],"inLanguage":"ca"},{"@type":"Organization","@id":"https:\/\/www.eplaneth2020.eu\/#organization","name":"eplanet h2020","url":"https:\/\/www.eplaneth2020.eu\/","logo":{"@type":"ImageObject","inLanguage":"ca","@id":"https:\/\/www.eplaneth2020.eu\/#\/schema\/logo\/image\/","url":"https:\/\/www.eplaneth2020.eu\/wp-content\/uploads\/2021\/12\/eplanet.png","contentUrl":"https:\/\/www.eplaneth2020.eu\/wp-content\/uploads\/2021\/12\/eplanet.png","width":362,"height":159,"caption":"eplanet h2020"},"image":{"@id":"https:\/\/www.eplaneth2020.eu\/#\/schema\/logo\/image\/"}},{"@type":"Person","@id":"https:\/\/www.eplaneth2020.eu\/#\/schema\/person\/8711c87acabe0260c777ccf3e17836ca","name":"Segis Verdaguer","image":{"@type":"ImageObject","inLanguage":"ca","@id":"https:\/\/secure.gravatar.com\/avatar\/e7c128c8f44573727eb259a90f0cd19c41c2901e3ce77199f61d637ff0ebdb5d?s=96&d=mm&r=g","url":"https:\/\/secure.gravatar.com\/avatar\/e7c128c8f44573727eb259a90f0cd19c41c2901e3ce77199f61d637ff0ebdb5d?s=96&d=mm&r=g","contentUrl":"https:\/\/secure.gravatar.com\/avatar\/e7c128c8f44573727eb259a90f0cd19c41c2901e3ce77199f61d637ff0ebdb5d?s=96&d=mm&r=g","caption":"Segis Verdaguer"},"sameAs":["https:\/\/lima.cat"],"url":"https:\/\/www.eplaneth2020.eu\/ca\/author\/segis\/"}]}},"_links":{"self":[{"href":"https:\/\/www.eplaneth2020.eu\/ca\/wp-json\/wp\/v2\/posts\/2370","targetHints":{"allow":["GET"]}}],"collection":[{"href":"https:\/\/www.eplaneth2020.eu\/ca\/wp-json\/wp\/v2\/posts"}],"about":[{"href":"https:\/\/www.eplaneth2020.eu\/ca\/wp-json\/wp\/v2\/types\/post"}],"author":[{"embeddable":true,"href":"https:\/\/www.eplaneth2020.eu\/ca\/wp-json\/wp\/v2\/users\/2"}],"replies":[{"embeddable":true,"href":"https:\/\/www.eplaneth2020.eu\/ca\/wp-json\/wp\/v2\/comments?post=2370"}],"version-history":[{"count":12,"href":"https:\/\/www.eplaneth2020.eu\/ca\/wp-json\/wp\/v2\/posts\/2370\/revisions"}],"predecessor-version":[{"id":2436,"href":"https:\/\/www.eplaneth2020.eu\/ca\/wp-json\/wp\/v2\/posts\/2370\/revisions\/2436"}],"wp:featuredmedia":[{"embeddable":true,"href":"https:\/\/www.eplaneth2020.eu\/ca\/wp-json\/wp\/v2\/media\/2359"}],"wp:attachment":[{"href":"https:\/\/www.eplaneth2020.eu\/ca\/wp-json\/wp\/v2\/media?parent=2370"}],"wp:term":[{"taxonomy":"category","embeddable":true,"href":"https:\/\/www.eplaneth2020.eu\/ca\/wp-json\/wp\/v2\/categories?post=2370"},{"taxonomy":"post_tag","embeddable":true,"href":"https:\/\/www.eplaneth2020.eu\/ca\/wp-json\/wp\/v2\/tags?post=2370"}],"curies":[{"name":"wp","href":"https:\/\/api.w.org\/{rel}","templated":true}]}}