{"id":2257,"date":"2023-10-01T07:14:47","date_gmt":"2023-10-01T07:14:47","guid":{"rendered":"https:\/\/www.eplaneth2020.eu\/?p=2257"},"modified":"2023-11-06T07:46:43","modified_gmt":"2023-11-06T07:46:43","slug":"climatefresk-workshop-in-creta","status":"publish","type":"post","link":"https:\/\/www.eplaneth2020.eu\/cs\/climatefresk-workshop-in-creta\/","title":{"rendered":"ClimateFresk workshop in Creta"},"content":{"rendered":"<p>Last week ePLANET organised the first #ClimateFresk workshop. The event was facilitated by our partner Three o&#8217;clock, in collaboration with the Hellenic Mediterranean University, and our partners the Regional Development Fund of Crete and CRES.<\/p>\n<p>We engaged with two groups of postgraduate students, all with backgrounds in electrical engineering. Together, we visualized the intricate web of climate change change \ud83c\udf31 causes and effects stemming from human activities.<\/p>\n<p>The students not only showed a keen interest in the topic but also openly shared their concerns, doubts, and a strong commitment to pursuing the changes outlined in the 2030 goals. It was a dynamic group, driven to learn and reduce their carbon footprint \ud83d\udc63 \ud83c\udf0d.<\/p>\n<p>We&#8217;re excited to announce that more Climate Fresks are on the horizon as part of our recently launched capacity-building programs across the various pilots.<\/p>\n<p>Stay tuned for upcoming events in February in Girona and Barcelona!!<\/p>\n<p>#EnergyTransition #governance #harmonisation #energy #H2020<\/p>\n<p><img loading=\"lazy\" decoding=\"async\" class=\"aligncenter size-large wp-image-2265\" src=\"https:\/\/www.eplaneth2020.eu\/wp-content\/uploads\/2023\/11\/ePLANET-ClimateFresk-_02-1024x927.jpeg\" alt=\"\" width=\"1024\" height=\"927\" srcset=\"https:\/\/www.eplaneth2020.eu\/wp-content\/uploads\/2023\/11\/ePLANET-ClimateFresk-_02-1024x927.jpeg 1024w, https:\/\/www.eplaneth2020.eu\/wp-content\/uploads\/2023\/11\/ePLANET-ClimateFresk-_02-980x887.jpeg 980w, https:\/\/www.eplaneth2020.eu\/wp-content\/uploads\/2023\/11\/ePLANET-ClimateFresk-_02-480x435.jpeg 480w\" sizes=\"(min-width: 0px) and (max-width: 480px) 480px, (min-width: 481px) and (max-width: 980px) 980px, (min-width: 981px) 1024px, 100vw\" \/> <img loading=\"lazy\" decoding=\"async\" class=\"aligncenter size-large wp-image-2263\" src=\"https:\/\/www.eplaneth2020.eu\/wp-content\/uploads\/2023\/11\/ePLANET-ClimateFresk-_03-1024x768.jpeg\" alt=\"\" width=\"1024\" height=\"768\" srcset=\"https:\/\/www.eplaneth2020.eu\/wp-content\/uploads\/2023\/11\/ePLANET-ClimateFresk-_03-980x735.jpeg 980w, https:\/\/www.eplaneth2020.eu\/wp-content\/uploads\/2023\/11\/ePLANET-ClimateFresk-_03-480x360.jpeg 480w\" sizes=\"(min-width: 0px) and (max-width: 480px) 480px, (min-width: 481px) and (max-width: 980px) 980px, (min-width: 981px) 1024px, 100vw\" \/> <img loading=\"lazy\" decoding=\"async\" class=\"aligncenter size-large wp-image-2260\" src=\"https:\/\/www.eplaneth2020.eu\/wp-content\/uploads\/2023\/11\/ePLANET-ClimateFresk-_07-768x1024.jpeg\" alt=\"\" width=\"768\" height=\"1024\" \/><\/p>\n","protected":false},"excerpt":{"rendered":"<p>ePLANET was at the Hellenic Mediterranean University for the 1st ClimateFresk of the project<\/p>\n","protected":false},"author":2,"featured_media":2264,"comment_status":"closed","ping_status":"closed","sticky":false,"template":"","format":"standard","meta":{"_acf_changed":false,"_et_pb_use_builder":"","_et_pb_old_content":"","_et_gb_content_width":"","footnotes":""},"categories":[28],"tags":[],"class_list":["post-2257","post","type-post","status-publish","format-standard","has-post-thumbnail","hentry","category-capacity-building"],"acf":[],"yoast_head":"<!-- This site is optimized with the Yoast SEO plugin v27.3 - https:\/\/yoast.com\/product\/yoast-seo-wordpress\/ -->\n<title>ClimateFresk workshop in Creta - eplanet h2020<\/title>\n<meta name=\"robots\" content=\"index, follow, max-snippet:-1, max-image-preview:large, max-video-preview:-1\" \/>\n<link rel=\"canonical\" href=\"https:\/\/www.eplaneth2020.eu\/climatefresk-workshop-in-creta\/\" \/>\n<meta property=\"og:locale\" content=\"cs_CZ\" \/>\n<meta property=\"og:type\" content=\"article\" \/>\n<meta property=\"og:title\" content=\"ClimateFresk workshop in Creta - eplanet h2020\" \/>\n<meta property=\"og:description\" content=\"ePLANET was at the Hellenic Mediterranean University for the 1st ClimateFresk of the project\" \/>\n<meta property=\"og:url\" content=\"https:\/\/www.eplaneth2020.eu\/climatefresk-workshop-in-creta\/\" \/>\n<meta property=\"og:site_name\" content=\"eplanet h2020\" \/>\n<meta property=\"article:published_time\" content=\"2023-10-01T07:14:47+00:00\" \/>\n<meta property=\"article:modified_time\" content=\"2023-11-06T07:46:43+00:00\" \/>\n<meta property=\"og:image\" content=\"https:\/\/www.eplaneth2020.eu\/wp-content\/uploads\/2023\/11\/ePLANET-ClimateFresk-_01.jpeg\" \/>\n\t<meta property=\"og:image:width\" content=\"2048\" \/>\n\t<meta property=\"og:image:height\" content=\"1700\" \/>\n\t<meta property=\"og:image:type\" content=\"image\/jpeg\" \/>\n<meta name=\"author\" content=\"Segis Verdaguer\" \/>\n<meta name=\"twitter:card\" content=\"summary_large_image\" \/>\n<meta name=\"twitter:label1\" content=\"Napsal(a)\" \/>\n\t<meta name=\"twitter:data1\" content=\"Segis Verdaguer\" \/>\n\t<meta name=\"twitter:label2\" content=\"Odhadovan\u00e1 doba \u010dten\u00ed\" \/>\n\t<meta name=\"twitter:data2\" content=\"1 minuta\" \/>\n<script type=\"application\/ld+json\" class=\"yoast-schema-graph\">{\"@context\":\"https:\\\/\\\/schema.org\",\"@graph\":[{\"@type\":\"Article\",\"@id\":\"https:\\\/\\\/www.eplaneth2020.eu\\\/climatefresk-workshop-in-creta\\\/#article\",\"isPartOf\":{\"@id\":\"https:\\\/\\\/www.eplaneth2020.eu\\\/climatefresk-workshop-in-creta\\\/\"},\"author\":{\"name\":\"Segis Verdaguer\",\"@id\":\"https:\\\/\\\/www.eplaneth2020.eu\\\/#\\\/schema\\\/person\\\/8711c87acabe0260c777ccf3e17836ca\"},\"headline\":\"ClimateFresk workshop in Creta\",\"datePublished\":\"2023-10-01T07:14:47+00:00\",\"dateModified\":\"2023-11-06T07:46:43+00:00\",\"mainEntityOfPage\":{\"@id\":\"https:\\\/\\\/www.eplaneth2020.eu\\\/climatefresk-workshop-in-creta\\\/\"},\"wordCount\":155,\"publisher\":{\"@id\":\"https:\\\/\\\/www.eplaneth2020.eu\\\/#organization\"},\"image\":{\"@id\":\"https:\\\/\\\/www.eplaneth2020.eu\\\/climatefresk-workshop-in-creta\\\/#primaryimage\"},\"thumbnailUrl\":\"https:\\\/\\\/www.eplaneth2020.eu\\\/wp-content\\\/uploads\\\/2023\\\/11\\\/ePLANET-ClimateFresk-_01.jpeg\",\"articleSection\":[\"Capacity Building\"],\"inLanguage\":\"cs\"},{\"@type\":\"WebPage\",\"@id\":\"https:\\\/\\\/www.eplaneth2020.eu\\\/climatefresk-workshop-in-creta\\\/\",\"url\":\"https:\\\/\\\/www.eplaneth2020.eu\\\/climatefresk-workshop-in-creta\\\/\",\"name\":\"ClimateFresk workshop in Creta - eplanet h2020\",\"isPartOf\":{\"@id\":\"https:\\\/\\\/www.eplaneth2020.eu\\\/#website\"},\"primaryImageOfPage\":{\"@id\":\"https:\\\/\\\/www.eplaneth2020.eu\\\/climatefresk-workshop-in-creta\\\/#primaryimage\"},\"image\":{\"@id\":\"https:\\\/\\\/www.eplaneth2020.eu\\\/climatefresk-workshop-in-creta\\\/#primaryimage\"},\"thumbnailUrl\":\"https:\\\/\\\/www.eplaneth2020.eu\\\/wp-content\\\/uploads\\\/2023\\\/11\\\/ePLANET-ClimateFresk-_01.jpeg\",\"datePublished\":\"2023-10-01T07:14:47+00:00\",\"dateModified\":\"2023-11-06T07:46:43+00:00\",\"breadcrumb\":{\"@id\":\"https:\\\/\\\/www.eplaneth2020.eu\\\/climatefresk-workshop-in-creta\\\/#breadcrumb\"},\"inLanguage\":\"cs\",\"potentialAction\":[{\"@type\":\"ReadAction\",\"target\":[\"https:\\\/\\\/www.eplaneth2020.eu\\\/climatefresk-workshop-in-creta\\\/\"]}]},{\"@type\":\"ImageObject\",\"inLanguage\":\"cs\",\"@id\":\"https:\\\/\\\/www.eplaneth2020.eu\\\/climatefresk-workshop-in-creta\\\/#primaryimage\",\"url\":\"https:\\\/\\\/www.eplaneth2020.eu\\\/wp-content\\\/uploads\\\/2023\\\/11\\\/ePLANET-ClimateFresk-_01.jpeg\",\"contentUrl\":\"https:\\\/\\\/www.eplaneth2020.eu\\\/wp-content\\\/uploads\\\/2023\\\/11\\\/ePLANET-ClimateFresk-_01.jpeg\",\"width\":2048,\"height\":1700},{\"@type\":\"BreadcrumbList\",\"@id\":\"https:\\\/\\\/www.eplaneth2020.eu\\\/climatefresk-workshop-in-creta\\\/#breadcrumb\",\"itemListElement\":[{\"@type\":\"ListItem\",\"position\":1,\"name\":\"Home\",\"item\":\"https:\\\/\\\/www.eplaneth2020.eu\\\/cs\\\/\"},{\"@type\":\"ListItem\",\"position\":2,\"name\":\"ClimateFresk workshop in Creta\"}]},{\"@type\":\"WebSite\",\"@id\":\"https:\\\/\\\/www.eplaneth2020.eu\\\/#website\",\"url\":\"https:\\\/\\\/www.eplaneth2020.eu\\\/\",\"name\":\"eplanet h2020\",\"description\":\"eplanet project facilitating the adoption of coordinated energy transition actions by the European public sector\",\"publisher\":{\"@id\":\"https:\\\/\\\/www.eplaneth2020.eu\\\/#organization\"},\"potentialAction\":[{\"@type\":\"SearchAction\",\"target\":{\"@type\":\"EntryPoint\",\"urlTemplate\":\"https:\\\/\\\/www.eplaneth2020.eu\\\/?s={search_term_string}\"},\"query-input\":{\"@type\":\"PropertyValueSpecification\",\"valueRequired\":true,\"valueName\":\"search_term_string\"}}],\"inLanguage\":\"cs\"},{\"@type\":\"Organization\",\"@id\":\"https:\\\/\\\/www.eplaneth2020.eu\\\/#organization\",\"name\":\"eplanet h2020\",\"url\":\"https:\\\/\\\/www.eplaneth2020.eu\\\/\",\"logo\":{\"@type\":\"ImageObject\",\"inLanguage\":\"cs\",\"@id\":\"https:\\\/\\\/www.eplaneth2020.eu\\\/#\\\/schema\\\/logo\\\/image\\\/\",\"url\":\"https:\\\/\\\/www.eplaneth2020.eu\\\/wp-content\\\/uploads\\\/2021\\\/12\\\/eplanet.png\",\"contentUrl\":\"https:\\\/\\\/www.eplaneth2020.eu\\\/wp-content\\\/uploads\\\/2021\\\/12\\\/eplanet.png\",\"width\":362,\"height\":159,\"caption\":\"eplanet h2020\"},\"image\":{\"@id\":\"https:\\\/\\\/www.eplaneth2020.eu\\\/#\\\/schema\\\/logo\\\/image\\\/\"}},{\"@type\":\"Person\",\"@id\":\"https:\\\/\\\/www.eplaneth2020.eu\\\/#\\\/schema\\\/person\\\/8711c87acabe0260c777ccf3e17836ca\",\"name\":\"Segis Verdaguer\",\"image\":{\"@type\":\"ImageObject\",\"inLanguage\":\"cs\",\"@id\":\"https:\\\/\\\/secure.gravatar.com\\\/avatar\\\/e7c128c8f44573727eb259a90f0cd19c41c2901e3ce77199f61d637ff0ebdb5d?s=96&d=mm&r=g\",\"url\":\"https:\\\/\\\/secure.gravatar.com\\\/avatar\\\/e7c128c8f44573727eb259a90f0cd19c41c2901e3ce77199f61d637ff0ebdb5d?s=96&d=mm&r=g\",\"contentUrl\":\"https:\\\/\\\/secure.gravatar.com\\\/avatar\\\/e7c128c8f44573727eb259a90f0cd19c41c2901e3ce77199f61d637ff0ebdb5d?s=96&d=mm&r=g\",\"caption\":\"Segis Verdaguer\"},\"sameAs\":[\"https:\\\/\\\/lima.cat\"],\"url\":\"https:\\\/\\\/www.eplaneth2020.eu\\\/cs\\\/author\\\/segis\\\/\"}]}<\/script>\n<!-- \/ Yoast SEO plugin. -->","yoast_head_json":{"title":"ClimateFresk workshop in Creta - eplanet h2020","robots":{"index":"index","follow":"follow","max-snippet":"max-snippet:-1","max-image-preview":"max-image-preview:large","max-video-preview":"max-video-preview:-1"},"canonical":"https:\/\/www.eplaneth2020.eu\/climatefresk-workshop-in-creta\/","og_locale":"cs_CZ","og_type":"article","og_title":"ClimateFresk workshop in Creta - eplanet h2020","og_description":"ePLANET was at the Hellenic Mediterranean University for the 1st ClimateFresk of the project","og_url":"https:\/\/www.eplaneth2020.eu\/climatefresk-workshop-in-creta\/","og_site_name":"eplanet h2020","article_published_time":"2023-10-01T07:14:47+00:00","article_modified_time":"2023-11-06T07:46:43+00:00","og_image":[{"width":2048,"height":1700,"url":"https:\/\/www.eplaneth2020.eu\/wp-content\/uploads\/2023\/11\/ePLANET-ClimateFresk-_01.jpeg","type":"image\/jpeg"}],"author":"Segis Verdaguer","twitter_card":"summary_large_image","twitter_misc":{"Napsal(a)":"Segis Verdaguer","Odhadovan\u00e1 doba \u010dten\u00ed":"1 minuta"},"schema":{"@context":"https:\/\/schema.org","@graph":[{"@type":"Article","@id":"https:\/\/www.eplaneth2020.eu\/climatefresk-workshop-in-creta\/#article","isPartOf":{"@id":"https:\/\/www.eplaneth2020.eu\/climatefresk-workshop-in-creta\/"},"author":{"name":"Segis Verdaguer","@id":"https:\/\/www.eplaneth2020.eu\/#\/schema\/person\/8711c87acabe0260c777ccf3e17836ca"},"headline":"ClimateFresk workshop in Creta","datePublished":"2023-10-01T07:14:47+00:00","dateModified":"2023-11-06T07:46:43+00:00","mainEntityOfPage":{"@id":"https:\/\/www.eplaneth2020.eu\/climatefresk-workshop-in-creta\/"},"wordCount":155,"publisher":{"@id":"https:\/\/www.eplaneth2020.eu\/#organization"},"image":{"@id":"https:\/\/www.eplaneth2020.eu\/climatefresk-workshop-in-creta\/#primaryimage"},"thumbnailUrl":"https:\/\/www.eplaneth2020.eu\/wp-content\/uploads\/2023\/11\/ePLANET-ClimateFresk-_01.jpeg","articleSection":["Capacity Building"],"inLanguage":"cs"},{"@type":"WebPage","@id":"https:\/\/www.eplaneth2020.eu\/climatefresk-workshop-in-creta\/","url":"https:\/\/www.eplaneth2020.eu\/climatefresk-workshop-in-creta\/","name":"ClimateFresk workshop in Creta - eplanet h2020","isPartOf":{"@id":"https:\/\/www.eplaneth2020.eu\/#website"},"primaryImageOfPage":{"@id":"https:\/\/www.eplaneth2020.eu\/climatefresk-workshop-in-creta\/#primaryimage"},"image":{"@id":"https:\/\/www.eplaneth2020.eu\/climatefresk-workshop-in-creta\/#primaryimage"},"thumbnailUrl":"https:\/\/www.eplaneth2020.eu\/wp-content\/uploads\/2023\/11\/ePLANET-ClimateFresk-_01.jpeg","datePublished":"2023-10-01T07:14:47+00:00","dateModified":"2023-11-06T07:46:43+00:00","breadcrumb":{"@id":"https:\/\/www.eplaneth2020.eu\/climatefresk-workshop-in-creta\/#breadcrumb"},"inLanguage":"cs","potentialAction":[{"@type":"ReadAction","target":["https:\/\/www.eplaneth2020.eu\/climatefresk-workshop-in-creta\/"]}]},{"@type":"ImageObject","inLanguage":"cs","@id":"https:\/\/www.eplaneth2020.eu\/climatefresk-workshop-in-creta\/#primaryimage","url":"https:\/\/www.eplaneth2020.eu\/wp-content\/uploads\/2023\/11\/ePLANET-ClimateFresk-_01.jpeg","contentUrl":"https:\/\/www.eplaneth2020.eu\/wp-content\/uploads\/2023\/11\/ePLANET-ClimateFresk-_01.jpeg","width":2048,"height":1700},{"@type":"BreadcrumbList","@id":"https:\/\/www.eplaneth2020.eu\/climatefresk-workshop-in-creta\/#breadcrumb","itemListElement":[{"@type":"ListItem","position":1,"name":"Home","item":"https:\/\/www.eplaneth2020.eu\/cs\/"},{"@type":"ListItem","position":2,"name":"ClimateFresk workshop in Creta"}]},{"@type":"WebSite","@id":"https:\/\/www.eplaneth2020.eu\/#website","url":"https:\/\/www.eplaneth2020.eu\/","name":"eplanet h2020","description":"eplanet project facilitating the adoption of coordinated energy transition actions by the European public sector","publisher":{"@id":"https:\/\/www.eplaneth2020.eu\/#organization"},"potentialAction":[{"@type":"SearchAction","target":{"@type":"EntryPoint","urlTemplate":"https:\/\/www.eplaneth2020.eu\/?s={search_term_string}"},"query-input":{"@type":"PropertyValueSpecification","valueRequired":true,"valueName":"search_term_string"}}],"inLanguage":"cs"},{"@type":"Organization","@id":"https:\/\/www.eplaneth2020.eu\/#organization","name":"eplanet h2020","url":"https:\/\/www.eplaneth2020.eu\/","logo":{"@type":"ImageObject","inLanguage":"cs","@id":"https:\/\/www.eplaneth2020.eu\/#\/schema\/logo\/image\/","url":"https:\/\/www.eplaneth2020.eu\/wp-content\/uploads\/2021\/12\/eplanet.png","contentUrl":"https:\/\/www.eplaneth2020.eu\/wp-content\/uploads\/2021\/12\/eplanet.png","width":362,"height":159,"caption":"eplanet h2020"},"image":{"@id":"https:\/\/www.eplaneth2020.eu\/#\/schema\/logo\/image\/"}},{"@type":"Person","@id":"https:\/\/www.eplaneth2020.eu\/#\/schema\/person\/8711c87acabe0260c777ccf3e17836ca","name":"Segis Verdaguer","image":{"@type":"ImageObject","inLanguage":"cs","@id":"https:\/\/secure.gravatar.com\/avatar\/e7c128c8f44573727eb259a90f0cd19c41c2901e3ce77199f61d637ff0ebdb5d?s=96&d=mm&r=g","url":"https:\/\/secure.gravatar.com\/avatar\/e7c128c8f44573727eb259a90f0cd19c41c2901e3ce77199f61d637ff0ebdb5d?s=96&d=mm&r=g","contentUrl":"https:\/\/secure.gravatar.com\/avatar\/e7c128c8f44573727eb259a90f0cd19c41c2901e3ce77199f61d637ff0ebdb5d?s=96&d=mm&r=g","caption":"Segis Verdaguer"},"sameAs":["https:\/\/lima.cat"],"url":"https:\/\/www.eplaneth2020.eu\/cs\/author\/segis\/"}]}},"_links":{"self":[{"href":"https:\/\/www.eplaneth2020.eu\/cs\/wp-json\/wp\/v2\/posts\/2257","targetHints":{"allow":["GET"]}}],"collection":[{"href":"https:\/\/www.eplaneth2020.eu\/cs\/wp-json\/wp\/v2\/posts"}],"about":[{"href":"https:\/\/www.eplaneth2020.eu\/cs\/wp-json\/wp\/v2\/types\/post"}],"author":[{"embeddable":true,"href":"https:\/\/www.eplaneth2020.eu\/cs\/wp-json\/wp\/v2\/users\/2"}],"replies":[{"embeddable":true,"href":"https:\/\/www.eplaneth2020.eu\/cs\/wp-json\/wp\/v2\/comments?post=2257"}],"version-history":[{"count":1,"href":"https:\/\/www.eplaneth2020.eu\/cs\/wp-json\/wp\/v2\/posts\/2257\/revisions"}],"predecessor-version":[{"id":2266,"href":"https:\/\/www.eplaneth2020.eu\/cs\/wp-json\/wp\/v2\/posts\/2257\/revisions\/2266"}],"wp:featuredmedia":[{"embeddable":true,"href":"https:\/\/www.eplaneth2020.eu\/cs\/wp-json\/wp\/v2\/media\/2264"}],"wp:attachment":[{"href":"https:\/\/www.eplaneth2020.eu\/cs\/wp-json\/wp\/v2\/media?parent=2257"}],"wp:term":[{"taxonomy":"category","embeddable":true,"href":"https:\/\/www.eplaneth2020.eu\/cs\/wp-json\/wp\/v2\/categories?post=2257"},{"taxonomy":"post_tag","embeddable":true,"href":"https:\/\/www.eplaneth2020.eu\/cs\/wp-json\/wp\/v2\/tags?post=2257"}],"curies":[{"name":"wp","href":"https:\/\/api.w.org\/{rel}","templated":true}]}}